{"id":254653,"date":"2026-04-21T09:58:09","date_gmt":"2026-04-21T07:58:09","guid":{"rendered":"https:\/\/fernandezadvocats.es\/?p=254653"},"modified":"2026-04-21T18:07:14","modified_gmt":"2026-04-21T16:07:14","slug":"cancelacion-antecedentes-penales","status":"publish","type":"post","link":"https:\/\/fernandezadvocats.es\/es\/cancelacion-antecedentes-penales\/","title":{"rendered":"La cancelaci\u00f3n de antecedentes penales\u00a0"},"content":{"rendered":"<p><a href=\"https:\/\/fernandezadvocats.es\/wp-content\/uploads\/2026\/04\/Cancelacion-antecedentes-penales.pdf\"><strong>DESCARGAR ART\u00cdCULO COMPLETO EN PDF.<\/strong> <\/a><\/p>\n<p><span style=\"font-weight: 400;\">La cancelaci\u00f3n de los antecedentes penales es mucho m\u00e1s que un simple tr\u00e1mite administrativo; representa la materializaci\u00f3n del derecho a la reinserci\u00f3n y al olvido, un pilar fundamental de nuestro sistema de justicia penal. Para una persona que ha cumplido su condena, la existencia de antecedentes puede suponer un obst\u00e1culo insalvable en su vida personal y profesional, afectando desde la b\u00fasqueda de empleo hasta la obtenci\u00f3n de licencias o permisos.\u00a0<\/span><\/p>\n<p><span style=\"font-weight: 400;\">Este art\u00edculo ofrece una gu\u00eda exhaustiva sobre c\u00f3mo navegar este proceso, los requisitos indispensables y la importancia de contar con un abogado experto.<\/span><\/p>\n<h2><span style=\"font-weight: 400;\">Requisitos fundamentales para la cancelaci\u00f3n: los dos pilares del proceso<\/span><\/h2>\n<p><span style=\"font-weight: 400;\">Para que la cancelaci\u00f3n sea viable, deben concurrir dos requisitos esenciales e ineludibles, establecidos en el Art\u00edculo 136 del C\u00f3digo Penal. La ausencia de cualquiera de ellos impedir\u00e1 el \u00e9xito de la solicitud.<\/span><\/p>\n<h3><span style=\"font-weight: 400;\">Primer Pilar: la extinci\u00f3n completa de la responsabilidad penal<\/span><\/h3>\n<p><span style=\"font-weight: 400;\">Este es, a menudo, el punto que genera m\u00e1s confusiones. La extinci\u00f3n de la responsabilidad penal no se produce autom\u00e1ticamente al salir de prisi\u00f3n. Implica el cumplimiento \u00edntegro de todas las penas impuestas en la sentencia firme. Seg\u00fan el Art\u00edculo 130 del C\u00f3digo Penal, la responsabilidad se extingue, entre otras causas, por el cumplimiento de la condena. Esto incluye:<\/span><\/p>\n<ul>\n<li style=\"font-weight: 400;\" aria-level=\"1\"><b>Penas privativas de libertad<\/b><span style=\"font-weight: 400;\">: Haber cumplido la totalidad de la pena de prisi\u00f3n.<\/span><\/li>\n<li style=\"font-weight: 400;\" aria-level=\"1\"><b>Penas de multa:<\/b><span style=\"font-weight: 400;\"> Haber abonado la totalidad de la multa impuesta. Si no se paga, puede generarse una responsabilidad personal subsidiaria (d\u00edas de privaci\u00f3n de libertad), que tambi\u00e9n debe cumplirse.<\/span><\/li>\n<li style=\"font-weight: 400;\" aria-level=\"1\"><b>Trabajos en beneficio de la comunidad:<\/b><span style=\"font-weight: 400;\"> Haber completado todas las jornadas de trabajo asignadas.<\/span><\/li>\n<li style=\"font-weight: 400;\" aria-level=\"1\"><b>Penas privativas de derechos<\/b><span style=\"font-weight: 400;\">: Haber cumplido los periodos de inhabilitaci\u00f3n, prohibiciones de aproximaci\u00f3n, de comunicaci\u00f3n, etc.<\/span><\/li>\n<li style=\"font-weight: 400;\" aria-level=\"1\"><b>Responsabilidad Civil:<\/b><span style=\"font-weight: 400;\"> Aunque es un debate jur\u00eddico complejo, en la pr\u00e1ctica, el abono de la responsabilidad civil derivada del delito es un requisito que los \u00f3rganos judiciales suelen exigir para informar favorablemente la cancelaci\u00f3n.<\/span><\/li>\n<\/ul>\n<p><span style=\"font-weight: 400;\">Es crucial obtener del juzgado o tribunal sentenciador un auto que declare formalmente la extinci\u00f3n de la responsabilidad penal. Sin este documento, la solicitud de cancelaci\u00f3n ser\u00e1 denegada.\u00a0<\/span><\/p>\n<h3><span style=\"font-weight: 400;\">Segundo Pilar: el transcurso de los plazos legales sin volver a delinquir<\/span><\/h3>\n<p><span style=\"font-weight: 400;\">Una vez extinguida la responsabilidad penal, comienza a contar un \u00abplazo de seguridad\u00bb durante el cual la persona no debe cometer ning\u00fan nuevo delito. Si lo hiciera, el c\u00f3mputo se interrumpir\u00eda. Los plazos var\u00edan seg\u00fan la gravedad de la pena impuesta, la cual se clasifica en el Art\u00edculo 33 del C\u00f3digo Penal.<\/span><\/p>\n<p><span style=\"font-weight: 400;\">Los plazos de espera, seg\u00fan el Art\u00edculo 136 del C\u00f3digo Penal, son los siguientes:<\/span><\/p>\n<ol>\n<li style=\"font-weight: 400;\" aria-level=\"1\"><span style=\"font-weight: 400;\">Seis meses: para las penas leves.<\/span><\/li>\n<li style=\"font-weight: 400;\" aria-level=\"1\"><span style=\"font-weight: 400;\">Dos a\u00f1os: para las penas que no excedan de doce meses y las impuestas por delitos imprudentes.<\/span><\/li>\n<li style=\"font-weight: 400;\" aria-level=\"1\"><span style=\"font-weight: 400;\">Tres a\u00f1os: para las restantes penas menos graves que sean inferiores a tres a\u00f1os.<\/span><\/li>\n<li style=\"font-weight: 400;\" aria-level=\"1\"><span style=\"font-weight: 400;\">Cinco a\u00f1os: para las restantes penas menos graves que sean iguales o superiores a tres a\u00f1os.<\/span><\/li>\n<li style=\"font-weight: 400;\" aria-level=\"1\"><span style=\"font-weight: 400;\">Diez a\u00f1os: para las penas graves.<\/span><\/li>\n<\/ol>\n<p><span style=\"font-weight: 400;\">El c\u00f3mputo de estos plazos se inicia el d\u00eda siguiente a la fecha en que se declara extinguida la pena. En casos de suspensi\u00f3n de la pena, el plazo se cuenta desde el d\u00eda siguiente al del otorgamiento de la suspensi\u00f3n, una vez obtenida la remisi\u00f3n definitiva.<\/span><\/p>\n<h2><span style=\"font-weight: 400;\">El procedimiento para solicitar la cancelaci\u00f3n<\/span><\/h2>\n<p><span style=\"font-weight: 400;\">La cancelaci\u00f3n puede iniciarse por tres v\u00edas distintas<\/span><\/p>\n<ol>\n<li style=\"font-weight: 400;\" aria-level=\"1\"><span style=\"font-weight: 400;\">De oficio por el Ministerio de Justicia:<\/span><span style=\"font-weight: 400;\"> Es la v\u00eda menos frecuente en la pr\u00e1ctica.<\/span><\/li>\n<li style=\"font-weight: 400;\" aria-level=\"1\"><span style=\"font-weight: 400;\">Por comunicaci\u00f3n del \u00f3rgano judicial:<\/span><span style=\"font-weight: 400;\"> El juzgado que ejecut\u00f3 la pena comunica al Registro Central de Penados que se cumplen los requisitos.<\/span><\/li>\n<li style=\"font-weight: 400;\" aria-level=\"1\"><span style=\"font-weight: 400;\">A instancia del interesado:<\/span><span style=\"font-weight: 400;\"> Es la forma m\u00e1s com\u00fan y proactiva. El propio interesado, o su representante legal, presenta una solicitud formal.<\/span><\/li>\n<\/ol>\n<p><span style=\"font-weight: 400;\">El procedimiento a instancia de parte implica los siguientes pasos:<\/span><\/p>\n<ol>\n<li style=\"font-weight: 400;\" aria-level=\"1\"><span style=\"font-weight: 400;\">Recopilaci\u00f3n de documentaci\u00f3n:<\/span><span style=\"font-weight: 400;\"> Es fundamental reunir el auto judicial de extinci\u00f3n de la responsabilidad penal y cualquier otro documento que acredite el cumplimiento de todas las penas (justificantes de pago de multas, etc.).<\/span><\/li>\n<li style=\"font-weight: 400;\" aria-level=\"1\"><span style=\"font-weight: 400;\">Presentaci\u00f3n de la solicitud:<\/span><span style=\"font-weight: 400;\"> Se debe cumplimentar el modelo oficial y presentarlo ante el Registro Central de Penados del Ministerio de Justicia, ya sea de forma telem\u00e1tica (con certificado digital) o presencial.<\/span><\/li>\n<li style=\"font-weight: 400;\" aria-level=\"1\"><span style=\"font-weight: 400;\">Resoluci\u00f3n:<\/span><span style=\"font-weight: 400;\"> El Ministerio de Justicia dispone de un plazo m\u00e1ximo de tres meses para resolver y notificar la decisi\u00f3n. Si transcurrido este plazo no hay respuesta, la solicitud se entiende desestimada por silencio administrativo negativo, lo que abre la puerta a la interposici\u00f3n de recursos.<\/span><\/li>\n<\/ol>\n<h2><span style=\"font-weight: 400;\">Importancia del asesoramiento legal<\/span><\/h2>\n<p><span style=\"font-weight: 400;\">Aunque te\u00f3ricamente el interesado puede realizar el tr\u00e1mite por s\u00ed mismo, la complejidad del procedimiento y los tecnicismos legales hacen que la intervenci\u00f3n de un abogado sea altamente recomendable, y en muchos casos, indispensable para garantizar el \u00e9xito.<\/span><\/p>\n<p><span style=\"font-weight: 400;\">Las funciones clave de un abogado en este proceso son:<\/span><\/p>\n<ul>\n<li style=\"font-weight: 400;\" aria-level=\"1\"><span style=\"font-weight: 400;\">An\u00e1lisis de viabilidad:<\/span><span style=\"font-weight: 400;\"> Realizar un estudio previo del caso para confirmar que se cumplen todos los requisitos, evitando iniciar un tr\u00e1mite abocado al fracaso.<\/span><\/li>\n<li style=\"font-weight: 400;\" aria-level=\"1\"><span style=\"font-weight: 400;\">Gesti\u00f3n ante los tribunales:<\/span><span style=\"font-weight: 400;\"> Impulsar la obtenci\u00f3n del auto de extinci\u00f3n de la responsabilidad penal, un paso que puede demorarse si no se realiza un seguimiento activo.<\/span><\/li>\n<li style=\"font-weight: 400;\" aria-level=\"1\"><span style=\"font-weight: 400;\">Recopilaci\u00f3n y preparaci\u00f3n de la documentaci\u00f3n:<\/span><span style=\"font-weight: 400;\"> Asegurarse de que el expediente presentado al Ministerio de Justicia est\u00e9 completo y correctamente fundamentado.<\/span><\/li>\n<li style=\"font-weight: 400;\" aria-level=\"1\"><span style=\"font-weight: 400;\">Interlocuci\u00f3n con la Administraci\u00f3n:<\/span><span style=\"font-weight: 400;\"> Realizar el seguimiento del expediente y responder a cualquier requerimiento de informaci\u00f3n.<\/span><\/li>\n<li style=\"font-weight: 400;\" aria-level=\"1\"><span style=\"font-weight: 400;\">Interposici\u00f3n de recursos:<\/span><span style=\"font-weight: 400;\"> En caso de denegaci\u00f3n, ya sea expresa o por silencio administrativo, el abogado es fundamental para redactar y fundamentar el recurso de alzada y, si fuera necesario, el recurso contencioso-administrativo ante los tribunales<\/span><\/li>\n<\/ul>\n<h2><span style=\"font-weight: 400;\">Conclusiones<\/span><\/h2>\n<p><span style=\"font-weight: 400;\">La cancelaci\u00f3n de antecedentes penales es un derecho configurado como el \u00faltimo eslab\u00f3n en el proceso de reinserci\u00f3n social. Permite a la persona que ha saldado su deuda con la sociedad recuperar plenamente su estatus de ciudadano, sin la carga que supone un pasado delictivo.<\/span><\/p>\n<p><span style=\"font-weight: 400;\">Sin embargo, el ejercicio de este derecho no es autom\u00e1tico y requiere el cumplimiento estricto de un procedimiento reglado y unos requisitos legales precisos. Dada la complejidad inherente al sistema, el asesoramiento de un abogado no debe verse como un gasto, sino como una inversi\u00f3n para asegurar que el proceso se lleve a cabo de manera eficiente y exitosa, abriendo definitivamente la puerta a un futuro sin las ataduras del pasado.<\/span><\/p>\n<p><i><span style=\"font-weight: 400;\">*El presente art\u00edculo es meramente divulgativo y no supone asesoramiento ni compromiso de actualizaci\u00f3n.<\/span><\/i><\/p>\n<p><i><span style=\"font-weight: 400;\">Para m\u00e1s informaci\u00f3n o asesoramiento, contacte con info@fernandezadvocats.es.<\/span><\/i><\/p>\n","protected":false},"excerpt":{"rendered":"<p>DESCARGAR ART\u00cdCULO COMPLETO EN PDF. La cancelaci\u00f3n de los antecedentes penales es mucho m\u00e1s que un simple tr\u00e1mite administrativo; representa la materializaci\u00f3n del derecho a la reinserci\u00f3n y al olvido, un pilar fundamental de nuestro sistema de justicia penal. Para una persona que ha cumplido su condena, la existencia de antecedentes puede suponer un obst\u00e1culo [&hellip;]<\/p>\n","protected":false},"author":19,"featured_media":254651,"comment_status":"closed","ping_status":"closed","sticky":false,"template":"","format":"standard","meta":{"_et_pb_use_builder":"","_et_pb_old_content":"","_et_gb_content_width":"","footnotes":""},"categories":[28,44,79],"tags":[],"class_list":["post-254653","post","type-post","status-publish","format-standard","has-post-thumbnail","hentry","category-articulos-fa","category-derecho-penal","category-derecho-procesal"],"yoast_head":"<!-- This site is optimized with the Yoast SEO plugin v27.1.1 - https:\/\/yoast.com\/product\/yoast-seo-wordpress\/ -->\n<title>La cancelaci\u00f3n de antecedentes penales\u00a0 | Fern\u00e1ndez Advocats<\/title>\n<meta name=\"description\" content=\"Gu\u00eda completa sobre cancelaci\u00f3n de antecedentes penales: requisitos, plazos y procedimiento seg\u00fan el C\u00f3digo Penal y la normativa vigente.\" \/>\n<meta name=\"robots\" content=\"index, follow, max-snippet:-1, max-image-preview:large, max-video-preview:-1\" \/>\n<link rel=\"canonical\" href=\"https:\/\/fernandezadvocats.es\/es\/cancelacion-antecedentes-penales\/\" \/>\n<meta property=\"og:locale\" content=\"es_ES\" \/>\n<meta property=\"og:type\" content=\"article\" \/>\n<meta property=\"og:title\" content=\"La cancelaci\u00f3n de antecedentes penales\u00a0 | Fern\u00e1ndez Advocats\" \/>\n<meta property=\"og:description\" content=\"Gu\u00eda completa sobre cancelaci\u00f3n de antecedentes penales: requisitos, plazos y procedimiento seg\u00fan el C\u00f3digo Penal y la normativa vigente.\" \/>\n<meta property=\"og:url\" content=\"https:\/\/fernandezadvocats.es\/es\/cancelacion-antecedentes-penales\/\" \/>\n<meta property=\"og:site_name\" content=\"Fern\u00e1ndez Advocats\" \/>\n<meta property=\"article:published_time\" content=\"2026-04-21T07:58:09+00:00\" \/>\n<meta property=\"article:modified_time\" content=\"2026-04-21T16:07:14+00:00\" \/>\n<meta property=\"og:image\" content=\"https:\/\/fernandezadvocats.es\/wp-content\/uploads\/2026\/04\/cancelacion-antecedentes-penales-1024x683.png\" \/>\n\t<meta property=\"og:image:width\" content=\"1024\" \/>\n\t<meta property=\"og:image:height\" content=\"683\" \/>\n\t<meta property=\"og:image:type\" content=\"image\/png\" \/>\n<meta name=\"author\" content=\"mrclickbarcelona@gmail.com\" \/>\n<meta name=\"twitter:card\" content=\"summary_large_image\" \/>\n<meta name=\"twitter:label1\" content=\"Escrito por\" \/>\n\t<meta name=\"twitter:data1\" content=\"mrclickbarcelona@gmail.com\" \/>\n\t<meta name=\"twitter:label2\" content=\"Tiempo de lectura\" \/>\n\t<meta name=\"twitter:data2\" content=\"6 minutos\" \/>\n<script type=\"application\/ld+json\" class=\"yoast-schema-graph\">{\"@context\":\"https:\/\/schema.org\",\"@graph\":[{\"@type\":\"Article\",\"@id\":\"https:\/\/fernandezadvocats.es\/es\/cancelacion-antecedentes-penales\/#article\",\"isPartOf\":{\"@id\":\"https:\/\/fernandezadvocats.es\/es\/cancelacion-antecedentes-penales\/\"},\"author\":{\"name\":\"mrclickbarcelona@gmail.com\",\"@id\":\"https:\/\/fernandezadvocats.es\/#\/schema\/person\/8ee482a071b4b039d55e3b5981b20a98\"},\"headline\":\"La cancelaci\u00f3n de antecedentes penales\u00a0\",\"datePublished\":\"2026-04-21T07:58:09+00:00\",\"dateModified\":\"2026-04-21T16:07:14+00:00\",\"mainEntityOfPage\":{\"@id\":\"https:\/\/fernandezadvocats.es\/es\/cancelacion-antecedentes-penales\/\"},\"wordCount\":1140,\"publisher\":{\"@id\":\"https:\/\/fernandezadvocats.es\/#organization\"},\"image\":{\"@id\":\"https:\/\/fernandezadvocats.es\/es\/cancelacion-antecedentes-penales\/#primaryimage\"},\"thumbnailUrl\":\"https:\/\/fernandezadvocats.es\/wp-content\/uploads\/2026\/04\/cancelacion-antecedentes-penales.png\",\"articleSection\":[\"Art\u00edculos FA\",\"Derecho Penal\",\"Derecho Procesal\"],\"inLanguage\":\"es\"},{\"@type\":\"WebPage\",\"@id\":\"https:\/\/fernandezadvocats.es\/es\/cancelacion-antecedentes-penales\/\",\"url\":\"https:\/\/fernandezadvocats.es\/es\/cancelacion-antecedentes-penales\/\",\"name\":\"La cancelaci\u00f3n de antecedentes penales\u00a0 | Fern\u00e1ndez Advocats\",\"isPartOf\":{\"@id\":\"https:\/\/fernandezadvocats.es\/#website\"},\"primaryImageOfPage\":{\"@id\":\"https:\/\/fernandezadvocats.es\/es\/cancelacion-antecedentes-penales\/#primaryimage\"},\"image\":{\"@id\":\"https:\/\/fernandezadvocats.es\/es\/cancelacion-antecedentes-penales\/#primaryimage\"},\"thumbnailUrl\":\"https:\/\/fernandezadvocats.es\/wp-content\/uploads\/2026\/04\/cancelacion-antecedentes-penales.png\",\"datePublished\":\"2026-04-21T07:58:09+00:00\",\"dateModified\":\"2026-04-21T16:07:14+00:00\",\"description\":\"Gu\u00eda completa sobre cancelaci\u00f3n de antecedentes penales: requisitos, plazos y procedimiento seg\u00fan el C\u00f3digo Penal y la normativa vigente.\",\"breadcrumb\":{\"@id\":\"https:\/\/fernandezadvocats.es\/es\/cancelacion-antecedentes-penales\/#breadcrumb\"},\"inLanguage\":\"es\",\"potentialAction\":[{\"@type\":\"ReadAction\",\"target\":[\"https:\/\/fernandezadvocats.es\/es\/cancelacion-antecedentes-penales\/\"]}]},{\"@type\":\"ImageObject\",\"inLanguage\":\"es\",\"@id\":\"https:\/\/fernandezadvocats.es\/es\/cancelacion-antecedentes-penales\/#primaryimage\",\"url\":\"https:\/\/fernandezadvocats.es\/wp-content\/uploads\/2026\/04\/cancelacion-antecedentes-penales.png\",\"contentUrl\":\"https:\/\/fernandezadvocats.es\/wp-content\/uploads\/2026\/04\/cancelacion-antecedentes-penales.png\",\"width\":2496,\"height\":1664,\"caption\":\"Proc\u00e9s legal de cancel\u00b7laci\u00f3 d\u2019antecedents penals a Espanya\"},{\"@type\":\"BreadcrumbList\",\"@id\":\"https:\/\/fernandezadvocats.es\/es\/cancelacion-antecedentes-penales\/#breadcrumb\",\"itemListElement\":[{\"@type\":\"ListItem\",\"position\":1,\"name\":\"Portada\",\"item\":\"https:\/\/fernandezadvocats.es\/es\/fernandez-advocats-berga\/\"},{\"@type\":\"ListItem\",\"position\":2,\"name\":\"La cancelaci\u00f3n de antecedentes penales\u00a0\"}]},{\"@type\":\"WebSite\",\"@id\":\"https:\/\/fernandezadvocats.es\/#website\",\"url\":\"https:\/\/fernandezadvocats.es\/\",\"name\":\"Fern\u00e1ndez Advocats\",\"description\":\"Advocats Berga i Barcelona\",\"publisher\":{\"@id\":\"https:\/\/fernandezadvocats.es\/#organization\"},\"alternateName\":\"Abogados Berga y Bracelona\",\"potentialAction\":[{\"@type\":\"SearchAction\",\"target\":{\"@type\":\"EntryPoint\",\"urlTemplate\":\"https:\/\/fernandezadvocats.es\/?s={search_term_string}\"},\"query-input\":{\"@type\":\"PropertyValueSpecification\",\"valueRequired\":true,\"valueName\":\"search_term_string\"}}],\"inLanguage\":\"es\"},{\"@type\":\"Organization\",\"@id\":\"https:\/\/fernandezadvocats.es\/#organization\",\"name\":\"Fern\u00e1ndez Advocats\",\"url\":\"https:\/\/fernandezadvocats.es\/\",\"logo\":{\"@type\":\"ImageObject\",\"inLanguage\":\"es\",\"@id\":\"https:\/\/fernandezadvocats.es\/#\/schema\/logo\/image\/\",\"url\":\"https:\/\/fernandezadvocats.es\/wp-content\/uploads\/2024\/11\/cropped-BF-e1731427554424.png\",\"contentUrl\":\"https:\/\/fernandezadvocats.es\/wp-content\/uploads\/2024\/11\/cropped-BF-e1731427554424.png\",\"width\":512,\"height\":512,\"caption\":\"Fern\u00e1ndez Advocats\"},\"image\":{\"@id\":\"https:\/\/fernandezadvocats.es\/#\/schema\/logo\/image\/\"}},{\"@type\":\"Person\",\"@id\":\"https:\/\/fernandezadvocats.es\/#\/schema\/person\/8ee482a071b4b039d55e3b5981b20a98\",\"name\":\"mrclickbarcelona@gmail.com\",\"image\":{\"@type\":\"ImageObject\",\"inLanguage\":\"es\",\"@id\":\"https:\/\/fernandezadvocats.es\/#\/schema\/person\/image\/\",\"url\":\"https:\/\/secure.gravatar.com\/avatar\/e16cc9a830d1a221b9e83b040154617903c650598282d145b5b76cdcb02f009e?s=96&d=mm&r=g\",\"contentUrl\":\"https:\/\/secure.gravatar.com\/avatar\/e16cc9a830d1a221b9e83b040154617903c650598282d145b5b76cdcb02f009e?s=96&d=mm&r=g\",\"caption\":\"mrclickbarcelona@gmail.com\"},\"url\":\"https:\/\/fernandezadvocats.es\/es\/author\/mrclickbarcelonagmail-com\/\"}]}<\/script>\n<!-- \/ Yoast SEO plugin. -->","yoast_head_json":{"title":"La cancelaci\u00f3n de antecedentes penales\u00a0 | Fern\u00e1ndez Advocats","description":"Gu\u00eda completa sobre cancelaci\u00f3n de antecedentes penales: requisitos, plazos y procedimiento seg\u00fan el C\u00f3digo Penal y la normativa vigente.","robots":{"index":"index","follow":"follow","max-snippet":"max-snippet:-1","max-image-preview":"max-image-preview:large","max-video-preview":"max-video-preview:-1"},"canonical":"https:\/\/fernandezadvocats.es\/es\/cancelacion-antecedentes-penales\/","og_locale":"es_ES","og_type":"article","og_title":"La cancelaci\u00f3n de antecedentes penales\u00a0 | Fern\u00e1ndez Advocats","og_description":"Gu\u00eda completa sobre cancelaci\u00f3n de antecedentes penales: requisitos, plazos y procedimiento seg\u00fan el C\u00f3digo Penal y la normativa vigente.","og_url":"https:\/\/fernandezadvocats.es\/es\/cancelacion-antecedentes-penales\/","og_site_name":"Fern\u00e1ndez Advocats","article_published_time":"2026-04-21T07:58:09+00:00","article_modified_time":"2026-04-21T16:07:14+00:00","og_image":[{"width":1024,"height":683,"url":"https:\/\/fernandezadvocats.es\/wp-content\/uploads\/2026\/04\/cancelacion-antecedentes-penales-1024x683.png","type":"image\/png"}],"author":"mrclickbarcelona@gmail.com","twitter_card":"summary_large_image","twitter_misc":{"Escrito por":"mrclickbarcelona@gmail.com","Tiempo de lectura":"6 minutos"},"schema":{"@context":"https:\/\/schema.org","@graph":[{"@type":"Article","@id":"https:\/\/fernandezadvocats.es\/es\/cancelacion-antecedentes-penales\/#article","isPartOf":{"@id":"https:\/\/fernandezadvocats.es\/es\/cancelacion-antecedentes-penales\/"},"author":{"name":"mrclickbarcelona@gmail.com","@id":"https:\/\/fernandezadvocats.es\/#\/schema\/person\/8ee482a071b4b039d55e3b5981b20a98"},"headline":"La cancelaci\u00f3n de antecedentes penales\u00a0","datePublished":"2026-04-21T07:58:09+00:00","dateModified":"2026-04-21T16:07:14+00:00","mainEntityOfPage":{"@id":"https:\/\/fernandezadvocats.es\/es\/cancelacion-antecedentes-penales\/"},"wordCount":1140,"publisher":{"@id":"https:\/\/fernandezadvocats.es\/#organization"},"image":{"@id":"https:\/\/fernandezadvocats.es\/es\/cancelacion-antecedentes-penales\/#primaryimage"},"thumbnailUrl":"https:\/\/fernandezadvocats.es\/wp-content\/uploads\/2026\/04\/cancelacion-antecedentes-penales.png","articleSection":["Art\u00edculos FA","Derecho Penal","Derecho Procesal"],"inLanguage":"es"},{"@type":"WebPage","@id":"https:\/\/fernandezadvocats.es\/es\/cancelacion-antecedentes-penales\/","url":"https:\/\/fernandezadvocats.es\/es\/cancelacion-antecedentes-penales\/","name":"La cancelaci\u00f3n de antecedentes penales\u00a0 | Fern\u00e1ndez Advocats","isPartOf":{"@id":"https:\/\/fernandezadvocats.es\/#website"},"primaryImageOfPage":{"@id":"https:\/\/fernandezadvocats.es\/es\/cancelacion-antecedentes-penales\/#primaryimage"},"image":{"@id":"https:\/\/fernandezadvocats.es\/es\/cancelacion-antecedentes-penales\/#primaryimage"},"thumbnailUrl":"https:\/\/fernandezadvocats.es\/wp-content\/uploads\/2026\/04\/cancelacion-antecedentes-penales.png","datePublished":"2026-04-21T07:58:09+00:00","dateModified":"2026-04-21T16:07:14+00:00","description":"Gu\u00eda completa sobre cancelaci\u00f3n de antecedentes penales: requisitos, plazos y procedimiento seg\u00fan el C\u00f3digo Penal y la normativa vigente.","breadcrumb":{"@id":"https:\/\/fernandezadvocats.es\/es\/cancelacion-antecedentes-penales\/#breadcrumb"},"inLanguage":"es","potentialAction":[{"@type":"ReadAction","target":["https:\/\/fernandezadvocats.es\/es\/cancelacion-antecedentes-penales\/"]}]},{"@type":"ImageObject","inLanguage":"es","@id":"https:\/\/fernandezadvocats.es\/es\/cancelacion-antecedentes-penales\/#primaryimage","url":"https:\/\/fernandezadvocats.es\/wp-content\/uploads\/2026\/04\/cancelacion-antecedentes-penales.png","contentUrl":"https:\/\/fernandezadvocats.es\/wp-content\/uploads\/2026\/04\/cancelacion-antecedentes-penales.png","width":2496,"height":1664,"caption":"Proc\u00e9s legal de cancel\u00b7laci\u00f3 d\u2019antecedents penals a Espanya"},{"@type":"BreadcrumbList","@id":"https:\/\/fernandezadvocats.es\/es\/cancelacion-antecedentes-penales\/#breadcrumb","itemListElement":[{"@type":"ListItem","position":1,"name":"Portada","item":"https:\/\/fernandezadvocats.es\/es\/fernandez-advocats-berga\/"},{"@type":"ListItem","position":2,"name":"La cancelaci\u00f3n de antecedentes penales\u00a0"}]},{"@type":"WebSite","@id":"https:\/\/fernandezadvocats.es\/#website","url":"https:\/\/fernandezadvocats.es\/","name":"Fern\u00e1ndez Advocats","description":"Advocats Berga i Barcelona","publisher":{"@id":"https:\/\/fernandezadvocats.es\/#organization"},"alternateName":"Abogados Berga y Bracelona","potentialAction":[{"@type":"SearchAction","target":{"@type":"EntryPoint","urlTemplate":"https:\/\/fernandezadvocats.es\/?s={search_term_string}"},"query-input":{"@type":"PropertyValueSpecification","valueRequired":true,"valueName":"search_term_string"}}],"inLanguage":"es"},{"@type":"Organization","@id":"https:\/\/fernandezadvocats.es\/#organization","name":"Fern\u00e1ndez Advocats","url":"https:\/\/fernandezadvocats.es\/","logo":{"@type":"ImageObject","inLanguage":"es","@id":"https:\/\/fernandezadvocats.es\/#\/schema\/logo\/image\/","url":"https:\/\/fernandezadvocats.es\/wp-content\/uploads\/2024\/11\/cropped-BF-e1731427554424.png","contentUrl":"https:\/\/fernandezadvocats.es\/wp-content\/uploads\/2024\/11\/cropped-BF-e1731427554424.png","width":512,"height":512,"caption":"Fern\u00e1ndez Advocats"},"image":{"@id":"https:\/\/fernandezadvocats.es\/#\/schema\/logo\/image\/"}},{"@type":"Person","@id":"https:\/\/fernandezadvocats.es\/#\/schema\/person\/8ee482a071b4b039d55e3b5981b20a98","name":"mrclickbarcelona@gmail.com","image":{"@type":"ImageObject","inLanguage":"es","@id":"https:\/\/fernandezadvocats.es\/#\/schema\/person\/image\/","url":"https:\/\/secure.gravatar.com\/avatar\/e16cc9a830d1a221b9e83b040154617903c650598282d145b5b76cdcb02f009e?s=96&d=mm&r=g","contentUrl":"https:\/\/secure.gravatar.com\/avatar\/e16cc9a830d1a221b9e83b040154617903c650598282d145b5b76cdcb02f009e?s=96&d=mm&r=g","caption":"mrclickbarcelona@gmail.com"},"url":"https:\/\/fernandezadvocats.es\/es\/author\/mrclickbarcelonagmail-com\/"}]}},"_links":{"self":[{"href":"https:\/\/fernandezadvocats.es\/es\/wp-json\/wp\/v2\/posts\/254653","targetHints":{"allow":["GET"]}}],"collection":[{"href":"https:\/\/fernandezadvocats.es\/es\/wp-json\/wp\/v2\/posts"}],"about":[{"href":"https:\/\/fernandezadvocats.es\/es\/wp-json\/wp\/v2\/types\/post"}],"author":[{"embeddable":true,"href":"https:\/\/fernandezadvocats.es\/es\/wp-json\/wp\/v2\/users\/19"}],"replies":[{"embeddable":true,"href":"https:\/\/fernandezadvocats.es\/es\/wp-json\/wp\/v2\/comments?post=254653"}],"version-history":[{"count":1,"href":"https:\/\/fernandezadvocats.es\/es\/wp-json\/wp\/v2\/posts\/254653\/revisions"}],"predecessor-version":[{"id":254654,"href":"https:\/\/fernandezadvocats.es\/es\/wp-json\/wp\/v2\/posts\/254653\/revisions\/254654"}],"wp:featuredmedia":[{"embeddable":true,"href":"https:\/\/fernandezadvocats.es\/es\/wp-json\/wp\/v2\/media\/254651"}],"wp:attachment":[{"href":"https:\/\/fernandezadvocats.es\/es\/wp-json\/wp\/v2\/media?parent=254653"}],"wp:term":[{"taxonomy":"category","embeddable":true,"href":"https:\/\/fernandezadvocats.es\/es\/wp-json\/wp\/v2\/categories?post=254653"},{"taxonomy":"post_tag","embeddable":true,"href":"https:\/\/fernandezadvocats.es\/es\/wp-json\/wp\/v2\/tags?post=254653"}],"curies":[{"name":"wp","href":"https:\/\/api.w.org\/{rel}","templated":true}]}}