{"id":254676,"date":"2026-04-28T09:05:30","date_gmt":"2026-04-28T07:05:30","guid":{"rendered":"https:\/\/fernandezadvocats.es\/?p=254676"},"modified":"2026-04-27T16:05:33","modified_gmt":"2026-04-27T14:05:33","slug":"extincion-pension-alimentos-falta-relacion","status":"publish","type":"post","link":"https:\/\/fernandezadvocats.es\/es\/extincion-pension-alimentos-falta-relacion\/","title":{"rendered":"La falta de relaci\u00f3n familiar como causa de extinci\u00f3n de la pensi\u00f3n de alimentos."},"content":{"rendered":"<p data-start=\"40\" data-end=\"161\"><strong><a href=\"https:\/\/fernandezadvocats.es\/wp-content\/uploads\/2026\/04\/Extincio-pensio-aliments.pdf\">DESCARGAR ART\u00cdCULO COMPLETO EN PDF. <\/a><\/strong><\/p>\n<p data-start=\"163\" data-end=\"525\">Hay progenitores que pagan puntualmente la pensi\u00f3n de alimentos mes tras mes, mientras el hijo o hija adulto los tiene bloqueados en el m\u00f3vil, no les dirige la palabra, y ha cortado cualquier v\u00ednculo. Es una situaci\u00f3n dolorosa y, al mismo tiempo, una pregunta jur\u00eddica leg\u00edtima: \u00bfpuede extinguirse la obligaci\u00f3n de pagar la pensi\u00f3n de alimentos en estos casos?<\/p>\n<p data-start=\"527\" data-end=\"848\">Esta cuesti\u00f3n, compleja tanto a nivel emocional como a nivel jur\u00eddico, es cada vez m\u00e1s frecuente. El derecho civil catal\u00e1n ofrece una v\u00eda legal espec\u00edfica para abordarla, con unos requisitos bien definidos y una interpretaci\u00f3n judicial restrictiva que es necesario conocer bien antes de iniciar cualquier procedimiento.<\/p>\n<h2 data-start=\"850\" data-end=\"930\">La pensi\u00f3n de alimentos no se extingue autom\u00e1ticamente con la mayor\u00eda de edad.<\/h2>\n<p data-start=\"932\" data-end=\"1245\">Lo primero que hay que tener claro es que la pensi\u00f3n de alimentos no desaparece autom\u00e1ticamente cuando el hijo alcanza la mayor\u00eda de edad. Mientras no disponga de medios econ\u00f3micos propios suficientes, habitualmente porque contin\u00faa estudiando, la obligaci\u00f3n de pagar subsiste, incluso por encima de los 18 a\u00f1os.<\/p>\n<p data-start=\"1247\" data-end=\"1657\">La pensi\u00f3n de alimentos guarda relaci\u00f3n con la situaci\u00f3n de necesidad y dependencia econ\u00f3mica del hijo, as\u00ed como el mantenimiento de un rendimiento acad\u00e9mico regular, pero no est\u00e1 vinculada a una edad concreta. No hay, por tanto, ninguna fecha legal de caducidad autom\u00e1tica, sin perjuicio de los acuerdos que los progenitores hubieran incluido en el correspondiente convenio regulador y plan de parentalidad.<\/p>\n<p data-start=\"1659\" data-end=\"1926\">Para extinguir o modificar la pensi\u00f3n siempre es necesaria una resoluci\u00f3n judicial expresa. En ning\u00fan caso el progenitor obligado puede dejar de pagar unilateralmente: hacerlo comporta riesgo de reclamaci\u00f3n civil, e incluso podr\u00eda tener implicaciones a nivel penal.<\/p>\n<h2 data-start=\"1928\" data-end=\"2039\">La causa espec\u00edfica del derecho catal\u00e1n: la ausencia manifiesta de relaci\u00f3n familiar imputable al alimentado.<\/h2>\n<p data-start=\"2041\" data-end=\"2477\">El art\u00edculo 237-13.1.e) del C\u00f3digo Civil de Catalu\u00f1a recoge, como causa de extinci\u00f3n de la obligaci\u00f3n de alimentos, una remisi\u00f3n a las causas de desheredaci\u00f3n previstas en el art\u00edculo 451-17 CCCat. En concreto, el apartado e de este art\u00edculo establece que es causa de extinci\u00f3n \u00abla ausencia manifiesta y continuada de relaci\u00f3n familiar entre el alimentante y el alimentado, si es por una causa exclusivamente imputable a este \u00faltimo\u00bb.<\/p>\n<p data-start=\"2479\" data-end=\"2736\">En palabras llanas: si el hijo mayor de edad ha decidido, por voluntad propia y sin justificaci\u00f3n razonable, cortar todo contacto con el progenitor que paga, la ley catalana permite solicitar judicialmente que se extinga la obligaci\u00f3n de pagar la pensi\u00f3n.<\/p>\n<p data-start=\"2738\" data-end=\"3328\">Esta previsi\u00f3n no existe expl\u00edcitamente en el C\u00f3digo Civil espa\u00f1ol com\u00fan, que rige en la mayor parte de las comunidades aut\u00f3nomas. No obstante, la Sentencia del Tribunal Supremo 104\/2019, de 19 de febrero, abri\u00f3 la puerta a la extinci\u00f3n por falta de relaci\u00f3n en territorio de derecho com\u00fan mediante una interpretaci\u00f3n flexible de las causas de desheredaci\u00f3n, justificando la decisi\u00f3n en el hecho de que no resultar\u00eda equitativo que quien renuncia a las relaciones familiares pueda beneficiarse de una instituci\u00f3n jur\u00eddica que tiene su fundamento, precisamente, en los v\u00ednculos parentales.<\/p>\n<h2 data-start=\"3330\" data-end=\"3364\">\u00bfQu\u00e9 requisitos hay que cumplir?<\/h2>\n<p data-start=\"3366\" data-end=\"3740\">El Tribunal Superior de Justicia de Catalu\u00f1a (Sentencia 11\/2017, de 2 de marzo), que fij\u00f3 doctrina sobre esta cuesti\u00f3n, estableci\u00f3 que las causas de extinci\u00f3n del derecho de alimentos deben interpretarse de forma restrictiva, dado que extinguir la pensi\u00f3n puede dejar al alimentado en una situaci\u00f3n de necesidad real, lo que justifica que el umbral probatorio sea elevado.<\/p>\n<p data-start=\"3742\" data-end=\"3828\">Para conseguir la extinci\u00f3n es necesario acreditar tres elementos de forma conjunta:<\/p>\n<ol data-start=\"3830\" data-end=\"4869\">\n<li data-section-id=\"v8eg7j\" data-start=\"3830\" data-end=\"4209\">Ausencia total y efectiva de relaci\u00f3n personal. No basta con un enfriamiento o distanciamiento. Es necesario demostrar que no existe ning\u00fan tipo de contacto: ni presencial, ni por tel\u00e9fono, ni por WhatsApp, ni por cualquier otra v\u00eda de comunicaci\u00f3n. Un m\u00ednimo de trato, incluso espor\u00e1dico, puede ser suficiente para que el tribunal considere que no se cumple este requisito.<\/li>\n<li data-section-id=\"111sc15\" data-start=\"4211\" data-end=\"4453\">Que la ausencia sea manifiesta y continuada. La ruptura debe ser evidente, clara y sostenida en el tiempo. Un incidente puntual o un distanciamiento temporal no es suficiente. Es necesario que la ruptura sea persistente e ininterrumpida.<\/li>\n<li data-section-id=\"1x1a0g2\" data-start=\"4455\" data-end=\"4869\">Que sea imputable exclusivamente al hijo. Aqu\u00ed radica a menudo la mayor dificultad probatoria. El progenitor que solicita la extinci\u00f3n debe acreditar que ha intentado establecer o recuperar la relaci\u00f3n y que el otro la ha rechazado sin causa justificada. Si el juez aprecia que el progenitor alimentante ha contribuido, en cualquier medida, a la ruptura de la relaci\u00f3n paternofilial, la demanda no prosperar\u00e1.<\/li>\n<\/ol>\n<h2 data-start=\"4871\" data-end=\"4950\">\u00bfQu\u00e9 prueba hay que aportar para acreditar la concurrencia de los requisitos?<\/h2>\n<p data-start=\"4952\" data-end=\"5148\">La carga de la prueba recae sobre el progenitor que solicita la extinci\u00f3n. Es necesario construir un relato documentado y s\u00f3lido que permita al juez comprobar que los tres requisitos se cumplen.<\/p>\n<p data-start=\"5150\" data-end=\"5616\">Los elementos de prueba m\u00e1s habituales en estos procedimientos son los mensajes de WhatsApp, correos electr\u00f3nicos, capturas de pantalla que acrediten bloqueos o silencios, billetes de transporte o registros de visitas frustradas, declaraciones testificales de familiares o terceros, e informes periciales psicol\u00f3gicos si procede. Tambi\u00e9n puede ser relevante acreditar que se han impulsado mecanismos de mediaci\u00f3n u otras v\u00edas de di\u00e1logo que el hijo\/a ha rechazado.<\/p>\n<p data-start=\"5618\" data-end=\"5891\">Es necesario ser muy riguroso con la prueba que se aporte, dado que la jurisprudencia se inclina por denegar la extinci\u00f3n de la pensi\u00f3n de alimentos cuando se aprecia que el progenitor ha tenido alg\u00fan tipo de contacto con el hijo, o que ha contribuido al distanciamiento.<\/p>\n<h2 data-start=\"5893\" data-end=\"5930\">\u00bfCu\u00e1l es el procedimiento a seguir?<\/h2>\n<p data-start=\"5932\" data-end=\"6242\">La v\u00eda procesal adecuada es la demanda de modificaci\u00f3n de medidas prevista en el art\u00edculo 775 de la Ley de Enjuiciamiento Civil. Antes de iniciar el procedimiento contencioso, ser\u00e1 necesario acreditar haber intentado previamente un mecanismo alternativo de resoluci\u00f3n de conflictos (MASC), como la mediaci\u00f3n.<\/p>\n<p data-start=\"6244\" data-end=\"6549\">Precisamente la mediaci\u00f3n familiar puede ser, en muchos de estos casos, una herramienta valiosa: no solo para el procedimiento, sino porque puede abrir una v\u00eda de restablecimiento del v\u00ednculo familiar que, si todos lo desean, sirva para evitar tanto el litigio como la ruptura definitiva de la relaci\u00f3n.<\/p>\n<h2 data-start=\"6551\" data-end=\"6565\">Conclusiones<\/h2>\n<p data-start=\"6567\" data-end=\"7021\">La falta de relaci\u00f3n familiar puede llegar a tener consecuencias jur\u00eddicas relevantes en el \u00e1mbito de la pensi\u00f3n de alimentos, pero no se trata, ni mucho menos, de una v\u00eda autom\u00e1tica. El C\u00f3digo Civil de Catalu\u00f1a prev\u00e9 esta posibilidad, pero lo hace bajo unos requisitos estrictos y con una exigencia probatoria elevada, precisamente para evitar que situaciones de conflicto o distanciamiento puntual se transformen en la p\u00e9rdida de un derecho esencial.<\/p>\n<p data-start=\"7023\" data-end=\"7388\">Hay que entender que los tribunales analizan estos casos con una mirada prudente, valorando no solo la existencia de la ruptura, sino tambi\u00e9n su origen, su persistencia y, sobre todo, la responsabilidad de cada una de las partes. No basta con constatar la distancia: es necesario demostrar que esta es total, continuada e imputable de manera clara al hijo o hija.<\/p>\n<p data-start=\"7390\" data-end=\"7798\">Por ello, antes de iniciar cualquier acci\u00f3n judicial, es fundamental asesorarse adecuadamente y valorar con realismo las posibilidades de \u00e9xito. Adem\u00e1s, siempre que sea posible, es conveniente explorar v\u00edas alternativas como la mediaci\u00f3n, que pueden ofrecer soluciones menos traum\u00e1ticas y, en el mejor de los casos, contribuir a reconstruir unos v\u00ednculos que van m\u00e1s all\u00e1 del \u00e1mbito estrictamente jur\u00eddico.<\/p>\n<p data-start=\"7800\" data-end=\"8049\">Al fin y al cabo, detr\u00e1s de cada procedimiento de este tipo no solo hay una obligaci\u00f3n econ\u00f3mica, sino una relaci\u00f3n familiar rota que, con mayor o menor recorrido, merece ser abordada con responsabilidad, rigor y, tambi\u00e9n, con cierta sensibilidad.<\/p>\n<p data-start=\"8051\" data-end=\"8221\"><em data-start=\"8051\" data-end=\"8219\">El presente art\u00edculo es meramente divulgativo y no supone asesoramiento ni compromiso de actualizaci\u00f3n.<br data-start=\"8155\" data-end=\"8158\" \/>Para m\u00e1s informaci\u00f3n, contacte con <a class=\"decorated-link cursor-pointer\" rel=\"noopener\" data-start=\"8193\" data-end=\"8218\">info@fernandezadvocats.es<\/a><\/em><\/p>\n","protected":false},"excerpt":{"rendered":"<p>DESCARGAR ART\u00cdCULO COMPLETO EN PDF. Hay progenitores que pagan puntualmente la pensi\u00f3n de alimentos mes tras mes, mientras el hijo o hija adulto los tiene bloqueados en el m\u00f3vil, no les dirige la palabra, y ha cortado cualquier v\u00ednculo. Es una situaci\u00f3n dolorosa y, al mismo tiempo, una pregunta jur\u00eddica leg\u00edtima: \u00bfpuede extinguirse la obligaci\u00f3n [&hellip;]<\/p>\n","protected":false},"author":19,"featured_media":254671,"comment_status":"closed","ping_status":"closed","sticky":false,"template":"","format":"standard","meta":{"_et_pb_use_builder":"","_et_pb_old_content":"","_et_gb_content_width":"","footnotes":""},"categories":[176,28,105],"tags":[],"class_list":["post-254676","post","type-post","status-publish","format-standard","has-post-thumbnail","hentry","category-articles-fa-es","category-articulos-fa","category-derecho-de-familia"],"yoast_head":"<!-- This site is optimized with the Yoast SEO plugin v27.1.1 - https:\/\/yoast.com\/product\/yoast-seo-wordpress\/ -->\n<title>Extinci\u00f3n pensi\u00f3n alimentos por falta de relaci\u00f3n<\/title>\n<meta name=\"description\" content=\"Analizamos cu\u00e1ndo puede extinguirse la pensi\u00f3n de alimentos por falta de relaci\u00f3n familiar seg\u00fan el C\u00f3digo Civil de Catalu\u00f1a y la jurisprudencia.\" \/>\n<meta name=\"robots\" content=\"index, follow, max-snippet:-1, max-image-preview:large, max-video-preview:-1\" \/>\n<link rel=\"canonical\" href=\"https:\/\/fernandezadvocats.es\/extincio-pensio-aliments-manca-relacio\/\" \/>\n<meta property=\"og:locale\" content=\"es_ES\" \/>\n<meta property=\"og:type\" content=\"article\" \/>\n<meta property=\"og:title\" content=\"Extinci\u00f3n pensi\u00f3n alimentos por falta de relaci\u00f3n\" \/>\n<meta property=\"og:description\" content=\"Analizamos cu\u00e1ndo puede extinguirse la pensi\u00f3n de alimentos por falta de relaci\u00f3n familiar seg\u00fan el C\u00f3digo Civil de Catalu\u00f1a y la jurisprudencia.\" \/>\n<meta property=\"og:url\" content=\"https:\/\/fernandezadvocats.es\/extincio-pensio-aliments-manca-relacio\/\" \/>\n<meta property=\"og:site_name\" content=\"Fern\u00e1ndez Advocats\" \/>\n<meta property=\"article:published_time\" content=\"2026-04-28T07:05:30+00:00\" \/>\n<meta property=\"og:image\" content=\"https:\/\/fernandezadvocats.es\/wp-content\/uploads\/2026\/04\/Pensio-daliments-i-ruptura-familia.jpg\" \/>\n\t<meta property=\"og:image:width\" content=\"1480\" \/>\n\t<meta property=\"og:image:height\" content=\"1172\" \/>\n\t<meta property=\"og:image:type\" content=\"image\/jpeg\" \/>\n<meta name=\"author\" content=\"mrclickbarcelona@gmail.com\" \/>\n<meta name=\"twitter:card\" content=\"summary_large_image\" \/>\n<meta name=\"twitter:label1\" content=\"Escrito por\" \/>\n\t<meta name=\"twitter:data1\" content=\"mrclickbarcelona@gmail.com\" \/>\n\t<meta name=\"twitter:label2\" content=\"Tiempo de lectura\" \/>\n\t<meta name=\"twitter:data2\" content=\"7 minutos\" \/>\n<script type=\"application\/ld+json\" class=\"yoast-schema-graph\">{\"@context\":\"https:\/\/schema.org\",\"@graph\":[{\"@type\":\"Article\",\"@id\":\"https:\/\/fernandezadvocats.es\/extincio-pensio-aliments-manca-relacio\/#article\",\"isPartOf\":{\"@id\":\"https:\/\/fernandezadvocats.es\/extincio-pensio-aliments-manca-relacio\/\"},\"author\":{\"name\":\"mrclickbarcelona@gmail.com\",\"@id\":\"https:\/\/fernandezadvocats.es\/#\/schema\/person\/8ee482a071b4b039d55e3b5981b20a98\"},\"headline\":\"La falta de relaci\u00f3n familiar como causa de extinci\u00f3n de la pensi\u00f3n de alimentos.\",\"datePublished\":\"2026-04-28T07:05:30+00:00\",\"mainEntityOfPage\":{\"@id\":\"https:\/\/fernandezadvocats.es\/extincio-pensio-aliments-manca-relacio\/\"},\"wordCount\":1379,\"publisher\":{\"@id\":\"https:\/\/fernandezadvocats.es\/#organization\"},\"image\":{\"@id\":\"https:\/\/fernandezadvocats.es\/extincio-pensio-aliments-manca-relacio\/#primaryimage\"},\"thumbnailUrl\":\"https:\/\/fernandezadvocats.es\/wp-content\/uploads\/2026\/04\/Pensio-daliments-i-ruptura-familia.jpg\",\"articleSection\":[\"Articles FA\",\"Art\u00edculos FA\",\"Derecho de Familia\"],\"inLanguage\":\"es\"},{\"@type\":\"WebPage\",\"@id\":\"https:\/\/fernandezadvocats.es\/extincio-pensio-aliments-manca-relacio\/\",\"url\":\"https:\/\/fernandezadvocats.es\/extincio-pensio-aliments-manca-relacio\/\",\"name\":\"Extinci\u00f3n pensi\u00f3n alimentos por falta de relaci\u00f3n\",\"isPartOf\":{\"@id\":\"https:\/\/fernandezadvocats.es\/#website\"},\"primaryImageOfPage\":{\"@id\":\"https:\/\/fernandezadvocats.es\/extincio-pensio-aliments-manca-relacio\/#primaryimage\"},\"image\":{\"@id\":\"https:\/\/fernandezadvocats.es\/extincio-pensio-aliments-manca-relacio\/#primaryimage\"},\"thumbnailUrl\":\"https:\/\/fernandezadvocats.es\/wp-content\/uploads\/2026\/04\/Pensio-daliments-i-ruptura-familia.jpg\",\"datePublished\":\"2026-04-28T07:05:30+00:00\",\"description\":\"Analizamos cu\u00e1ndo puede extinguirse la pensi\u00f3n de alimentos por falta de relaci\u00f3n familiar seg\u00fan el C\u00f3digo Civil de Catalu\u00f1a y la jurisprudencia.\",\"breadcrumb\":{\"@id\":\"https:\/\/fernandezadvocats.es\/extincio-pensio-aliments-manca-relacio\/#breadcrumb\"},\"inLanguage\":\"es\",\"potentialAction\":[{\"@type\":\"ReadAction\",\"target\":[\"https:\/\/fernandezadvocats.es\/extincio-pensio-aliments-manca-relacio\/\"]}]},{\"@type\":\"ImageObject\",\"inLanguage\":\"es\",\"@id\":\"https:\/\/fernandezadvocats.es\/extincio-pensio-aliments-manca-relacio\/#primaryimage\",\"url\":\"https:\/\/fernandezadvocats.es\/wp-content\/uploads\/2026\/04\/Pensio-daliments-i-ruptura-familia.jpg\",\"contentUrl\":\"https:\/\/fernandezadvocats.es\/wp-content\/uploads\/2026\/04\/Pensio-daliments-i-ruptura-familia.jpg\",\"width\":1480,\"height\":1172,\"caption\":\"conflicte familiar pensi\u00f3 aliments\"},{\"@type\":\"BreadcrumbList\",\"@id\":\"https:\/\/fernandezadvocats.es\/extincio-pensio-aliments-manca-relacio\/#breadcrumb\",\"itemListElement\":[{\"@type\":\"ListItem\",\"position\":1,\"name\":\"Portada\",\"item\":\"https:\/\/fernandezadvocats.es\/es\/fernandez-advocats-berga\/\"},{\"@type\":\"ListItem\",\"position\":2,\"name\":\"La falta de relaci\u00f3n familiar como causa de extinci\u00f3n de la pensi\u00f3n de alimentos.\"}]},{\"@type\":\"WebSite\",\"@id\":\"https:\/\/fernandezadvocats.es\/#website\",\"url\":\"https:\/\/fernandezadvocats.es\/\",\"name\":\"Fern\u00e1ndez Advocats\",\"description\":\"Advocats Berga i Barcelona\",\"publisher\":{\"@id\":\"https:\/\/fernandezadvocats.es\/#organization\"},\"alternateName\":\"Abogados Berga y Bracelona\",\"potentialAction\":[{\"@type\":\"SearchAction\",\"target\":{\"@type\":\"EntryPoint\",\"urlTemplate\":\"https:\/\/fernandezadvocats.es\/?s={search_term_string}\"},\"query-input\":{\"@type\":\"PropertyValueSpecification\",\"valueRequired\":true,\"valueName\":\"search_term_string\"}}],\"inLanguage\":\"es\"},{\"@type\":\"Organization\",\"@id\":\"https:\/\/fernandezadvocats.es\/#organization\",\"name\":\"Fern\u00e1ndez Advocats\",\"url\":\"https:\/\/fernandezadvocats.es\/\",\"logo\":{\"@type\":\"ImageObject\",\"inLanguage\":\"es\",\"@id\":\"https:\/\/fernandezadvocats.es\/#\/schema\/logo\/image\/\",\"url\":\"https:\/\/fernandezadvocats.es\/wp-content\/uploads\/2024\/11\/cropped-BF-e1731427554424.png\",\"contentUrl\":\"https:\/\/fernandezadvocats.es\/wp-content\/uploads\/2024\/11\/cropped-BF-e1731427554424.png\",\"width\":512,\"height\":512,\"caption\":\"Fern\u00e1ndez Advocats\"},\"image\":{\"@id\":\"https:\/\/fernandezadvocats.es\/#\/schema\/logo\/image\/\"}},{\"@type\":\"Person\",\"@id\":\"https:\/\/fernandezadvocats.es\/#\/schema\/person\/8ee482a071b4b039d55e3b5981b20a98\",\"name\":\"mrclickbarcelona@gmail.com\",\"image\":{\"@type\":\"ImageObject\",\"inLanguage\":\"es\",\"@id\":\"https:\/\/fernandezadvocats.es\/#\/schema\/person\/image\/\",\"url\":\"https:\/\/secure.gravatar.com\/avatar\/e16cc9a830d1a221b9e83b040154617903c650598282d145b5b76cdcb02f009e?s=96&d=mm&r=g\",\"contentUrl\":\"https:\/\/secure.gravatar.com\/avatar\/e16cc9a830d1a221b9e83b040154617903c650598282d145b5b76cdcb02f009e?s=96&d=mm&r=g\",\"caption\":\"mrclickbarcelona@gmail.com\"},\"url\":\"https:\/\/fernandezadvocats.es\/es\/author\/mrclickbarcelonagmail-com\/\"}]}<\/script>\n<!-- \/ Yoast SEO plugin. -->","yoast_head_json":{"title":"Extinci\u00f3n pensi\u00f3n alimentos por falta de relaci\u00f3n","description":"Analizamos cu\u00e1ndo puede extinguirse la pensi\u00f3n de alimentos por falta de relaci\u00f3n familiar seg\u00fan el C\u00f3digo Civil de Catalu\u00f1a y la jurisprudencia.","robots":{"index":"index","follow":"follow","max-snippet":"max-snippet:-1","max-image-preview":"max-image-preview:large","max-video-preview":"max-video-preview:-1"},"canonical":"https:\/\/fernandezadvocats.es\/extincio-pensio-aliments-manca-relacio\/","og_locale":"es_ES","og_type":"article","og_title":"Extinci\u00f3n pensi\u00f3n alimentos por falta de relaci\u00f3n","og_description":"Analizamos cu\u00e1ndo puede extinguirse la pensi\u00f3n de alimentos por falta de relaci\u00f3n familiar seg\u00fan el C\u00f3digo Civil de Catalu\u00f1a y la jurisprudencia.","og_url":"https:\/\/fernandezadvocats.es\/extincio-pensio-aliments-manca-relacio\/","og_site_name":"Fern\u00e1ndez Advocats","article_published_time":"2026-04-28T07:05:30+00:00","og_image":[{"width":1480,"height":1172,"url":"https:\/\/fernandezadvocats.es\/wp-content\/uploads\/2026\/04\/Pensio-daliments-i-ruptura-familia.jpg","type":"image\/jpeg"}],"author":"mrclickbarcelona@gmail.com","twitter_card":"summary_large_image","twitter_misc":{"Escrito por":"mrclickbarcelona@gmail.com","Tiempo de lectura":"7 minutos"},"schema":{"@context":"https:\/\/schema.org","@graph":[{"@type":"Article","@id":"https:\/\/fernandezadvocats.es\/extincio-pensio-aliments-manca-relacio\/#article","isPartOf":{"@id":"https:\/\/fernandezadvocats.es\/extincio-pensio-aliments-manca-relacio\/"},"author":{"name":"mrclickbarcelona@gmail.com","@id":"https:\/\/fernandezadvocats.es\/#\/schema\/person\/8ee482a071b4b039d55e3b5981b20a98"},"headline":"La falta de relaci\u00f3n familiar como causa de extinci\u00f3n de la pensi\u00f3n de alimentos.","datePublished":"2026-04-28T07:05:30+00:00","mainEntityOfPage":{"@id":"https:\/\/fernandezadvocats.es\/extincio-pensio-aliments-manca-relacio\/"},"wordCount":1379,"publisher":{"@id":"https:\/\/fernandezadvocats.es\/#organization"},"image":{"@id":"https:\/\/fernandezadvocats.es\/extincio-pensio-aliments-manca-relacio\/#primaryimage"},"thumbnailUrl":"https:\/\/fernandezadvocats.es\/wp-content\/uploads\/2026\/04\/Pensio-daliments-i-ruptura-familia.jpg","articleSection":["Articles FA","Art\u00edculos FA","Derecho de Familia"],"inLanguage":"es"},{"@type":"WebPage","@id":"https:\/\/fernandezadvocats.es\/extincio-pensio-aliments-manca-relacio\/","url":"https:\/\/fernandezadvocats.es\/extincio-pensio-aliments-manca-relacio\/","name":"Extinci\u00f3n pensi\u00f3n alimentos por falta de relaci\u00f3n","isPartOf":{"@id":"https:\/\/fernandezadvocats.es\/#website"},"primaryImageOfPage":{"@id":"https:\/\/fernandezadvocats.es\/extincio-pensio-aliments-manca-relacio\/#primaryimage"},"image":{"@id":"https:\/\/fernandezadvocats.es\/extincio-pensio-aliments-manca-relacio\/#primaryimage"},"thumbnailUrl":"https:\/\/fernandezadvocats.es\/wp-content\/uploads\/2026\/04\/Pensio-daliments-i-ruptura-familia.jpg","datePublished":"2026-04-28T07:05:30+00:00","description":"Analizamos cu\u00e1ndo puede extinguirse la pensi\u00f3n de alimentos por falta de relaci\u00f3n familiar seg\u00fan el C\u00f3digo Civil de Catalu\u00f1a y la jurisprudencia.","breadcrumb":{"@id":"https:\/\/fernandezadvocats.es\/extincio-pensio-aliments-manca-relacio\/#breadcrumb"},"inLanguage":"es","potentialAction":[{"@type":"ReadAction","target":["https:\/\/fernandezadvocats.es\/extincio-pensio-aliments-manca-relacio\/"]}]},{"@type":"ImageObject","inLanguage":"es","@id":"https:\/\/fernandezadvocats.es\/extincio-pensio-aliments-manca-relacio\/#primaryimage","url":"https:\/\/fernandezadvocats.es\/wp-content\/uploads\/2026\/04\/Pensio-daliments-i-ruptura-familia.jpg","contentUrl":"https:\/\/fernandezadvocats.es\/wp-content\/uploads\/2026\/04\/Pensio-daliments-i-ruptura-familia.jpg","width":1480,"height":1172,"caption":"conflicte familiar pensi\u00f3 aliments"},{"@type":"BreadcrumbList","@id":"https:\/\/fernandezadvocats.es\/extincio-pensio-aliments-manca-relacio\/#breadcrumb","itemListElement":[{"@type":"ListItem","position":1,"name":"Portada","item":"https:\/\/fernandezadvocats.es\/es\/fernandez-advocats-berga\/"},{"@type":"ListItem","position":2,"name":"La falta de relaci\u00f3n familiar como causa de extinci\u00f3n de la pensi\u00f3n de alimentos."}]},{"@type":"WebSite","@id":"https:\/\/fernandezadvocats.es\/#website","url":"https:\/\/fernandezadvocats.es\/","name":"Fern\u00e1ndez Advocats","description":"Advocats Berga i Barcelona","publisher":{"@id":"https:\/\/fernandezadvocats.es\/#organization"},"alternateName":"Abogados Berga y Bracelona","potentialAction":[{"@type":"SearchAction","target":{"@type":"EntryPoint","urlTemplate":"https:\/\/fernandezadvocats.es\/?s={search_term_string}"},"query-input":{"@type":"PropertyValueSpecification","valueRequired":true,"valueName":"search_term_string"}}],"inLanguage":"es"},{"@type":"Organization","@id":"https:\/\/fernandezadvocats.es\/#organization","name":"Fern\u00e1ndez Advocats","url":"https:\/\/fernandezadvocats.es\/","logo":{"@type":"ImageObject","inLanguage":"es","@id":"https:\/\/fernandezadvocats.es\/#\/schema\/logo\/image\/","url":"https:\/\/fernandezadvocats.es\/wp-content\/uploads\/2024\/11\/cropped-BF-e1731427554424.png","contentUrl":"https:\/\/fernandezadvocats.es\/wp-content\/uploads\/2024\/11\/cropped-BF-e1731427554424.png","width":512,"height":512,"caption":"Fern\u00e1ndez Advocats"},"image":{"@id":"https:\/\/fernandezadvocats.es\/#\/schema\/logo\/image\/"}},{"@type":"Person","@id":"https:\/\/fernandezadvocats.es\/#\/schema\/person\/8ee482a071b4b039d55e3b5981b20a98","name":"mrclickbarcelona@gmail.com","image":{"@type":"ImageObject","inLanguage":"es","@id":"https:\/\/fernandezadvocats.es\/#\/schema\/person\/image\/","url":"https:\/\/secure.gravatar.com\/avatar\/e16cc9a830d1a221b9e83b040154617903c650598282d145b5b76cdcb02f009e?s=96&d=mm&r=g","contentUrl":"https:\/\/secure.gravatar.com\/avatar\/e16cc9a830d1a221b9e83b040154617903c650598282d145b5b76cdcb02f009e?s=96&d=mm&r=g","caption":"mrclickbarcelona@gmail.com"},"url":"https:\/\/fernandezadvocats.es\/es\/author\/mrclickbarcelonagmail-com\/"}]}},"_links":{"self":[{"href":"https:\/\/fernandezadvocats.es\/es\/wp-json\/wp\/v2\/posts\/254676","targetHints":{"allow":["GET"]}}],"collection":[{"href":"https:\/\/fernandezadvocats.es\/es\/wp-json\/wp\/v2\/posts"}],"about":[{"href":"https:\/\/fernandezadvocats.es\/es\/wp-json\/wp\/v2\/types\/post"}],"author":[{"embeddable":true,"href":"https:\/\/fernandezadvocats.es\/es\/wp-json\/wp\/v2\/users\/19"}],"replies":[{"embeddable":true,"href":"https:\/\/fernandezadvocats.es\/es\/wp-json\/wp\/v2\/comments?post=254676"}],"version-history":[{"count":1,"href":"https:\/\/fernandezadvocats.es\/es\/wp-json\/wp\/v2\/posts\/254676\/revisions"}],"predecessor-version":[{"id":254677,"href":"https:\/\/fernandezadvocats.es\/es\/wp-json\/wp\/v2\/posts\/254676\/revisions\/254677"}],"wp:featuredmedia":[{"embeddable":true,"href":"https:\/\/fernandezadvocats.es\/es\/wp-json\/wp\/v2\/media\/254671"}],"wp:attachment":[{"href":"https:\/\/fernandezadvocats.es\/es\/wp-json\/wp\/v2\/media?parent=254676"}],"wp:term":[{"taxonomy":"category","embeddable":true,"href":"https:\/\/fernandezadvocats.es\/es\/wp-json\/wp\/v2\/categories?post=254676"},{"taxonomy":"post_tag","embeddable":true,"href":"https:\/\/fernandezadvocats.es\/es\/wp-json\/wp\/v2\/tags?post=254676"}],"curies":[{"name":"wp","href":"https:\/\/api.w.org\/{rel}","templated":true}]}}