{"id":254686,"date":"2026-04-30T10:37:10","date_gmt":"2026-04-30T08:37:10","guid":{"rendered":"https:\/\/fernandezadvocats.es\/?p=254686"},"modified":"2026-04-30T10:47:04","modified_gmt":"2026-04-30T08:47:04","slug":"abuso-temporalidad-sector-publico-indemnizacion","status":"publish","type":"post","link":"https:\/\/fernandezadvocats.es\/es\/abuso-temporalidad-sector-publico-indemnizacion\/","title":{"rendered":"M\u00e1s sobre el abuso de temporalidad en el sector p\u00fablico. \u00bfprocede indemnizaci\u00f3n sancionadora? La comisi\u00f3n jur\u00eddica asesora se postula por mantener un criterio restrictivo"},"content":{"rendered":"<p><strong><a href=\"https:\/\/fernandezadvocats.es\/wp-content\/uploads\/2026\/04\/Mes-sobre-abus-en-al-temporalitat-refus-indemnitzacions-CJA.pdf\">DESCARGAR ART\u00cdCULO COMPLETO EN PDF.<\/a><\/strong><\/p>\n<p>&nbsp;<\/p>\n<p><span style=\"font-weight: 400;\">Las \u00faltimas Sentencias del Tribunal de Justicia de la Uni\u00f3n Europea (TJUE) de febrero y junio del a\u00f1o 2024 generaron fuerte revuelo, y tambi\u00e9n una corriente de expectativas entre el personal temporal del sector p\u00fablico sobre posibles compensaciones econ\u00f3micas por el abuso en la contrataci\u00f3n. No obstante, un an\u00e1lisis detallado de diversos dict\u00e1menes emitidos por la Comisi\u00f3n Jur\u00eddica Asesora (CJA) de la Generalitat de Catalu\u00f1a en febrero de 2026 revela una l\u00ednea interpretativa restrictiva al respecto, que pone de manifiesto los importantes obst\u00e1culos que deben afrontar estas reclamaciones por la v\u00eda de la responsabilidad patrimonial formuladas por profesionales sanitarios en situaci\u00f3n de temporalidad prolongada en el Institut Catal\u00e0 de la Salut. Se trata de los Dict\u00e1menes CJA n\u00ba 33, 41, 44, 45, 46, 47, 48 y 49 del a\u00f1o 2026 y que se han dado a conocer en el portal web de la CJA.<\/span><\/p>\n<h2><span style=\"font-weight: 400;\">No proceden indemnizaciones autom\u00e1ticas: La necesidad de probar el abuso<\/span><\/h2>\n<p><span style=\"font-weight: 400;\">El primer gran escollo que se\u00f1ala la CJA es que una larga trayectoria de contratos temporales no implica, por s\u00ed sola, una situaci\u00f3n de abuso indemnizable. La Comisi\u00f3n analiza la causa de cada nombramiento y, en la mayor\u00eda de los casos, concluye que estos estaban justificados por razones objetivas.<\/span><\/p>\n<p><span style=\"font-weight: 400;\">Esta l\u00ednea se observa de manera consistente en algunos de estos Dict\u00e1menes como el n\u00ba 49\/2026 o el n\u00ba 44\/2026. En estos expedientes, el Institut Catal\u00e0 de la Salut (ICS) argumenta, y la CJA lo acepta, que la mayor\u00eda de los nombramientos respond\u00edan a necesidades no permanentes, como sustituciones por bajas, permisos, vacaciones o acumulaci\u00f3n de tareas. Seg\u00fan la Comisi\u00f3n, mientras exista una causa legal que justifique la temporalidad, no se puede hablar de un uso fraudulento de la contrataci\u00f3n.<\/span><\/p>\n<p><span style=\"font-weight: 400;\">Adem\u00e1s, la CJA otorga una gran relevancia a la convocatoria de procesos selectivos por parte de la Administraci\u00f3n P\u00fablica. Si el trabajador no particip\u00f3 o no super\u00f3 las pruebas, se entiende que su permanencia en la temporalidad no es exclusivamente imputable a la Administraci\u00f3n.<\/span><\/p>\n<h2><span style=\"font-weight: 400;\">La carga de acreditar el da\u00f1o: ha de ir m\u00e1s all\u00e1 de la angustia gen\u00e9rica<\/span><\/h2>\n<p><span style=\"font-weight: 400;\">Quiz\u00e1 el requisito m\u00e1s dif\u00edcil de cumplir para los reclamantes es la acreditaci\u00f3n de un da\u00f1o real, efectivo, individualizado y evaluable econ\u00f3micamente. En la pr\u00e1ctica totalidad de los casos analizados (como los Dict\u00e1menes n\u00ba 41\/2026 y 48\/2026), la CJA desestima las pretensiones por falta de prueba del da\u00f1o.<\/span><\/p>\n<p><span style=\"font-weight: 400;\">Las alegaciones gen\u00e9ricas sobre el estr\u00e9s, la angustia o la inseguridad generada por la inestabilidad laboral son consideradas insuficientes. La CJA exige pruebas concretas que demuestren un perjuicio tangible, ya sea material (p\u00e9rdida de oportunidades, disminuci\u00f3n patrimonial) o moral (sufrimientos ps\u00edquicos o psicol\u00f3gicos acreditados mediante informes m\u00e9dicos o periciales).<\/span><\/p>\n<p><span style=\"font-weight: 400;\">Este criterio no es una creaci\u00f3n aislada de la CJA, sino que se arraiga directamente en la jurisprudencia consolidada del Tribunal Supremo. Concretamente, los dict\u00e1menes citan de manera recurrente dos Sentencias de la Sala Tercera: la Sentencia 1425\/2018, de 26 de septiembre, que establece claramente que es al reclamante a quien le corresponde invocar \u00abqu\u00e9 da\u00f1os y perjuicios, y por qu\u00e9 concepto o conceptos en concreto, le fueron causados\u00bb y, fundamentalmente, acreditar su realidad por cualquier medio de prueba admitido en derecho; as\u00ed como la Sentencia 576\/2023, de 9 de mayo, que predicaba tambi\u00e9n esta idea al afirmar que \u00ab[&#8230;] el hecho de que haya habido una situaci\u00f3n objetivamente abusiva no implica, autom\u00e1ticamente, que el funcionario interino luego cesado haya sufrido un da\u00f1o efectivo e identificado, luego no cabe reconocer un derecho a indemnizaci\u00f3n por esa sola circunstancia\u201d.<\/span><\/p>\n<p><span style=\"font-weight: 400;\">Esta doctrina del Supremo es taxativa: sin una prueba fehaciente del da\u00f1o, la reclamaci\u00f3n de responsabilidad patrimonial no puede prosperar, aunque se pudiera llegar a reconocer la existencia de un abuso.<\/span><\/p>\n<p><span style=\"font-weight: 400;\">Llegados a este punto, hay que tener tambi\u00e9n presente las \u00faltimas Sentencias del TS del a\u00f1o 2025 que han abordado esta problem\u00e1tica, tales como la STS, Sala Tercera, n\u00ba 197\/2025 de 25 de febrero (rec. 4436\/2024) que coment\u00f3 que \u201cnuestro ordenamiento jur\u00eddico no conoce la figura de las indemnizaciones de car\u00e1cter punitivo que, si bien existe en algunas legislaciones, no es propia de las que se inscriben, como la espa\u00f1ola, en el llamado sistema continental. Y, por otro lado, hemos dicho que las pretensiones de resarcimiento por esta causa deben apoyarse en la justificaci\u00f3n de los perjuicios efectivamente sufridos (\u2026). Naturalmente, la cuant\u00eda de la indemnizaci\u00f3n en las ocasiones en que se considere procedente habr\u00e1 de corresponderse con la entidad de los da\u00f1os de toda naturaleza sufridos y que sean imputables al abuso. O, en su caso, en la medida en que establezca el legislador\u201d; lo que ya determinaba una complicaci\u00f3n dial\u00e9ctica importante para el \u00e9xito de este tipo de reclamaciones.<\/span><\/p>\n<p>Esta Sentencia ya la comentamos a prop\u00f3sito de un anterior art\u00edculo en nuestra web en mayo de 2025: <a href=\"https:\/\/fernandezadvocats.es\/es\/no-conversion-automatica-de-funcionarios-interinos\/\">https:\/\/fernandezadvocats.es\/es\/no-conversion-automatica-de-funcionarios-interinos\/<\/a><\/p>\n<h2><span style=\"font-weight: 400;\">La prescripci\u00f3n de la acci\u00f3n: un otro obst\u00e1culo a tener en cuenta<\/span><\/h2>\n<p><span style=\"font-weight: 400;\">Finalmente, otro factor determinante es la prescripci\u00f3n. El plazo para reclamar la responsabilidad patrimonial es de un a\u00f1o. La CJA considera que el c\u00f3mputo de este plazo (dies a quo) comienza cuando cesa la situaci\u00f3n lesiva, es decir, en el momento en que finaliza la relaci\u00f3n temporal abusiva, ya sea por el cese definitivo o por la estabilizaci\u00f3n del trabajador como personal fijo.<\/span><\/p>\n<p><span style=\"font-weight: 400;\">Este ha sido un motivo determinante para la desestimaci\u00f3n en casos como el recogido en el Dictamen n\u00ba 49\/2026, donde la reclamaci\u00f3n se present\u00f3 casi nueve a\u00f1os despu\u00e9s de la jubilaci\u00f3n del reclamante, consider\u00e1ndose la reclamaci\u00f3n extempor\u00e1nea. Es crucial que los afectados inicien las acciones legales dentro de este plazo para evitar que su pretensi\u00f3n sea rechazada por motivos formales. Aprecian tambi\u00e9n la prescripci\u00f3n los Dict\u00e1menes n\u00ba 33, 41, 44, 45, 46 y 47\/2026.<\/span><\/p>\n<h2><span style=\"font-weight: 400;\">Conclusi\u00f3n<\/span><\/h2>\n<p><span style=\"font-weight: 400;\">Los recientes Dict\u00e1menes de la Comisi\u00f3n Jur\u00eddica Asesora dibujan un escenario muy exigente para las reclamaciones por abuso de temporalidad. Lejos de ser una v\u00eda autom\u00e1tica hacia la indemnizaci\u00f3n, la responsabilidad patrimonial de la Administraci\u00f3n requiere superar tres obst\u00e1culos de cierta complicaci\u00f3n jur\u00eddica y probatoria:<\/span><\/p>\n<ol>\n<li style=\"font-weight: 400;\" aria-level=\"1\"><span style=\"font-weight: 400;\">De entrada, ser\u00e1 necesario demostrar que la concatenaci\u00f3n de nombramientos no respond\u00eda a necesidades temporales reales, sino a un d\u00e9ficit estructural.<\/span><\/li>\n<li style=\"font-weight: 400;\" aria-level=\"1\"><span style=\"font-weight: 400;\">Conviene acreditar de manera concreta y demostrada la causaci\u00f3n de un da\u00f1o efectivo, m\u00e1s all\u00e1 de alegaciones gen\u00e9ricas.<\/span><\/li>\n<li style=\"font-weight: 400;\" aria-level=\"1\"><span style=\"font-weight: 400;\">Valorar en todo caso la presentaci\u00f3n de la reclamaci\u00f3n fundamentada en el plazo improrrogable de un a\u00f1o desde la finalizaci\u00f3n de la relaci\u00f3n temporal.<\/span><\/li>\n<\/ol>\n<p><span style=\"font-weight: 400;\">Desde nuestro despacho, entendemos la complejidad de estos casos y la importancia de construir una base probatoria s\u00f3lida. Por ello, ofrecemos un an\u00e1lisis detallado de cada situaci\u00f3n particular para evaluar la viabilidad de la reclamaci\u00f3n y ofrecer el asesoramiento m\u00e1s preciso y estrat\u00e9gico a nuestros clientes.<\/span><\/p>\n<p><i><span style=\"font-weight: 400;\">El presente art\u00edculo es meramente divulgativo y no supone asesoramiento ni compromiso de actualizaci\u00f3n.<\/span><\/i><i><span style=\"font-weight: 400;\"><br \/>\n<\/span><\/i><i><span style=\"font-weight: 400;\"> Para m\u00e1s informaci\u00f3n, contacte con info@fernandezadvocats.es<\/span><\/i><\/p>\n","protected":false},"excerpt":{"rendered":"<p>DESCARGAR ART\u00cdCULO COMPLETO EN PDF. &nbsp; Las \u00faltimas Sentencias del Tribunal de Justicia de la Uni\u00f3n Europea (TJUE) de febrero y junio del a\u00f1o 2024 generaron fuerte revuelo, y tambi\u00e9n una corriente de expectativas entre el personal temporal del sector p\u00fablico sobre posibles compensaciones econ\u00f3micas por el abuso en la contrataci\u00f3n. No obstante, un an\u00e1lisis [&hellip;]<\/p>\n","protected":false},"author":19,"featured_media":254684,"comment_status":"closed","ping_status":"closed","sticky":false,"template":"","format":"standard","meta":{"_et_pb_use_builder":"","_et_pb_old_content":"","_et_gb_content_width":"","footnotes":""},"categories":[28,127],"tags":[],"class_list":["post-254686","post","type-post","status-publish","format-standard","has-post-thumbnail","hentry","category-articulos-fa","category-derecho-funcion-publica"],"yoast_head":"<!-- This site is optimized with the Yoast SEO plugin v27.1.1 - https:\/\/yoast.com\/product\/yoast-seo-wordpress\/ -->\n<title>Abuso de temporalidad: \u00bfhay indemnizaci\u00f3n?<\/title>\n<meta name=\"description\" content=\"La CJA fija criterio restrictivo sobre indemnizaci\u00f3n por abuso de temporalidad en el sector p\u00fablico y eleva las exigencias probatorias\" \/>\n<meta name=\"robots\" content=\"index, follow, max-snippet:-1, max-image-preview:large, max-video-preview:-1\" \/>\n<link rel=\"canonical\" href=\"https:\/\/fernandezadvocats.es\/es\/abuso-temporalidad-sector-publico-indemnizacion\/\" \/>\n<meta property=\"og:locale\" content=\"es_ES\" \/>\n<meta property=\"og:type\" content=\"article\" \/>\n<meta property=\"og:title\" content=\"Abuso de temporalidad: \u00bfhay indemnizaci\u00f3n?\" \/>\n<meta property=\"og:description\" content=\"La CJA fija criterio restrictivo sobre indemnizaci\u00f3n por abuso de temporalidad en el sector p\u00fablico y eleva las exigencias probatorias\" \/>\n<meta property=\"og:url\" content=\"https:\/\/fernandezadvocats.es\/es\/abuso-temporalidad-sector-publico-indemnizacion\/\" \/>\n<meta property=\"og:site_name\" content=\"Fern\u00e1ndez Advocats\" \/>\n<meta property=\"article:published_time\" content=\"2026-04-30T08:37:10+00:00\" \/>\n<meta property=\"article:modified_time\" content=\"2026-04-30T08:47:04+00:00\" \/>\n<meta property=\"og:image\" content=\"https:\/\/fernandezadvocats.es\/wp-content\/uploads\/2026\/04\/Temporalidad-en-el-sector-publico.png\" \/>\n\t<meta property=\"og:image:width\" content=\"1536\" \/>\n\t<meta property=\"og:image:height\" content=\"1024\" \/>\n\t<meta property=\"og:image:type\" content=\"image\/png\" \/>\n<meta name=\"author\" content=\"mrclickbarcelona@gmail.com\" \/>\n<meta name=\"twitter:card\" content=\"summary_large_image\" \/>\n<meta name=\"twitter:label1\" content=\"Escrito por\" \/>\n\t<meta name=\"twitter:data1\" content=\"mrclickbarcelona@gmail.com\" \/>\n\t<meta name=\"twitter:label2\" content=\"Tiempo de lectura\" \/>\n\t<meta name=\"twitter:data2\" content=\"7 minutos\" \/>\n<script type=\"application\/ld+json\" class=\"yoast-schema-graph\">{\"@context\":\"https:\/\/schema.org\",\"@graph\":[{\"@type\":\"Article\",\"@id\":\"https:\/\/fernandezadvocats.es\/es\/abuso-temporalidad-sector-publico-indemnizacion\/#article\",\"isPartOf\":{\"@id\":\"https:\/\/fernandezadvocats.es\/es\/abuso-temporalidad-sector-publico-indemnizacion\/\"},\"author\":{\"name\":\"mrclickbarcelona@gmail.com\",\"@id\":\"https:\/\/fernandezadvocats.es\/#\/schema\/person\/8ee482a071b4b039d55e3b5981b20a98\"},\"headline\":\"M\u00e1s sobre el abuso de temporalidad en el sector p\u00fablico. \u00bfprocede indemnizaci\u00f3n sancionadora? La comisi\u00f3n jur\u00eddica asesora se postula por mantener un criterio restrictivo\",\"datePublished\":\"2026-04-30T08:37:10+00:00\",\"dateModified\":\"2026-04-30T08:47:04+00:00\",\"mainEntityOfPage\":{\"@id\":\"https:\/\/fernandezadvocats.es\/es\/abuso-temporalidad-sector-publico-indemnizacion\/\"},\"wordCount\":1251,\"publisher\":{\"@id\":\"https:\/\/fernandezadvocats.es\/#organization\"},\"image\":{\"@id\":\"https:\/\/fernandezadvocats.es\/es\/abuso-temporalidad-sector-publico-indemnizacion\/#primaryimage\"},\"thumbnailUrl\":\"https:\/\/fernandezadvocats.es\/wp-content\/uploads\/2026\/04\/Temporalidad-en-el-sector-publico.png\",\"articleSection\":[\"Art\u00edculos FA\",\"Derecho Funci\u00f3n P\u00fablica\"],\"inLanguage\":\"es\"},{\"@type\":\"WebPage\",\"@id\":\"https:\/\/fernandezadvocats.es\/es\/abuso-temporalidad-sector-publico-indemnizacion\/\",\"url\":\"https:\/\/fernandezadvocats.es\/es\/abuso-temporalidad-sector-publico-indemnizacion\/\",\"name\":\"Abuso de temporalidad: \u00bfhay indemnizaci\u00f3n?\",\"isPartOf\":{\"@id\":\"https:\/\/fernandezadvocats.es\/#website\"},\"primaryImageOfPage\":{\"@id\":\"https:\/\/fernandezadvocats.es\/es\/abuso-temporalidad-sector-publico-indemnizacion\/#primaryimage\"},\"image\":{\"@id\":\"https:\/\/fernandezadvocats.es\/es\/abuso-temporalidad-sector-publico-indemnizacion\/#primaryimage\"},\"thumbnailUrl\":\"https:\/\/fernandezadvocats.es\/wp-content\/uploads\/2026\/04\/Temporalidad-en-el-sector-publico.png\",\"datePublished\":\"2026-04-30T08:37:10+00:00\",\"dateModified\":\"2026-04-30T08:47:04+00:00\",\"description\":\"La CJA fija criterio restrictivo sobre indemnizaci\u00f3n por abuso de temporalidad en el sector p\u00fablico y eleva las exigencias probatorias\",\"breadcrumb\":{\"@id\":\"https:\/\/fernandezadvocats.es\/es\/abuso-temporalidad-sector-publico-indemnizacion\/#breadcrumb\"},\"inLanguage\":\"es\",\"potentialAction\":[{\"@type\":\"ReadAction\",\"target\":[\"https:\/\/fernandezadvocats.es\/es\/abuso-temporalidad-sector-publico-indemnizacion\/\"]}]},{\"@type\":\"ImageObject\",\"inLanguage\":\"es\",\"@id\":\"https:\/\/fernandezadvocats.es\/es\/abuso-temporalidad-sector-publico-indemnizacion\/#primaryimage\",\"url\":\"https:\/\/fernandezadvocats.es\/wp-content\/uploads\/2026\/04\/Temporalidad-en-el-sector-publico.png\",\"contentUrl\":\"https:\/\/fernandezadvocats.es\/wp-content\/uploads\/2026\/04\/Temporalidad-en-el-sector-publico.png\",\"width\":1536,\"height\":1024,\"caption\":\"contratos temporales administraci\u00f3n p\u00fablica\"},{\"@type\":\"BreadcrumbList\",\"@id\":\"https:\/\/fernandezadvocats.es\/es\/abuso-temporalidad-sector-publico-indemnizacion\/#breadcrumb\",\"itemListElement\":[{\"@type\":\"ListItem\",\"position\":1,\"name\":\"Portada\",\"item\":\"https:\/\/fernandezadvocats.es\/es\/fernandez-advocats-berga\/\"},{\"@type\":\"ListItem\",\"position\":2,\"name\":\"M\u00e1s sobre el abuso de temporalidad en el sector p\u00fablico. \u00bfprocede indemnizaci\u00f3n sancionadora? La comisi\u00f3n jur\u00eddica asesora se postula por mantener un criterio restrictivo\"}]},{\"@type\":\"WebSite\",\"@id\":\"https:\/\/fernandezadvocats.es\/#website\",\"url\":\"https:\/\/fernandezadvocats.es\/\",\"name\":\"Fern\u00e1ndez Advocats\",\"description\":\"Advocats Berga i Barcelona\",\"publisher\":{\"@id\":\"https:\/\/fernandezadvocats.es\/#organization\"},\"alternateName\":\"Abogados Berga y Bracelona\",\"potentialAction\":[{\"@type\":\"SearchAction\",\"target\":{\"@type\":\"EntryPoint\",\"urlTemplate\":\"https:\/\/fernandezadvocats.es\/?s={search_term_string}\"},\"query-input\":{\"@type\":\"PropertyValueSpecification\",\"valueRequired\":true,\"valueName\":\"search_term_string\"}}],\"inLanguage\":\"es\"},{\"@type\":\"Organization\",\"@id\":\"https:\/\/fernandezadvocats.es\/#organization\",\"name\":\"Fern\u00e1ndez Advocats\",\"url\":\"https:\/\/fernandezadvocats.es\/\",\"logo\":{\"@type\":\"ImageObject\",\"inLanguage\":\"es\",\"@id\":\"https:\/\/fernandezadvocats.es\/#\/schema\/logo\/image\/\",\"url\":\"https:\/\/fernandezadvocats.es\/wp-content\/uploads\/2024\/11\/cropped-BF-e1731427554424.png\",\"contentUrl\":\"https:\/\/fernandezadvocats.es\/wp-content\/uploads\/2024\/11\/cropped-BF-e1731427554424.png\",\"width\":512,\"height\":512,\"caption\":\"Fern\u00e1ndez Advocats\"},\"image\":{\"@id\":\"https:\/\/fernandezadvocats.es\/#\/schema\/logo\/image\/\"}},{\"@type\":\"Person\",\"@id\":\"https:\/\/fernandezadvocats.es\/#\/schema\/person\/8ee482a071b4b039d55e3b5981b20a98\",\"name\":\"mrclickbarcelona@gmail.com\",\"image\":{\"@type\":\"ImageObject\",\"inLanguage\":\"es\",\"@id\":\"https:\/\/fernandezadvocats.es\/#\/schema\/person\/image\/\",\"url\":\"https:\/\/secure.gravatar.com\/avatar\/e16cc9a830d1a221b9e83b040154617903c650598282d145b5b76cdcb02f009e?s=96&d=mm&r=g\",\"contentUrl\":\"https:\/\/secure.gravatar.com\/avatar\/e16cc9a830d1a221b9e83b040154617903c650598282d145b5b76cdcb02f009e?s=96&d=mm&r=g\",\"caption\":\"mrclickbarcelona@gmail.com\"},\"url\":\"https:\/\/fernandezadvocats.es\/es\/author\/mrclickbarcelonagmail-com\/\"}]}<\/script>\n<!-- \/ Yoast SEO plugin. -->","yoast_head_json":{"title":"Abuso de temporalidad: \u00bfhay indemnizaci\u00f3n?","description":"La CJA fija criterio restrictivo sobre indemnizaci\u00f3n por abuso de temporalidad en el sector p\u00fablico y eleva las exigencias probatorias","robots":{"index":"index","follow":"follow","max-snippet":"max-snippet:-1","max-image-preview":"max-image-preview:large","max-video-preview":"max-video-preview:-1"},"canonical":"https:\/\/fernandezadvocats.es\/es\/abuso-temporalidad-sector-publico-indemnizacion\/","og_locale":"es_ES","og_type":"article","og_title":"Abuso de temporalidad: \u00bfhay indemnizaci\u00f3n?","og_description":"La CJA fija criterio restrictivo sobre indemnizaci\u00f3n por abuso de temporalidad en el sector p\u00fablico y eleva las exigencias probatorias","og_url":"https:\/\/fernandezadvocats.es\/es\/abuso-temporalidad-sector-publico-indemnizacion\/","og_site_name":"Fern\u00e1ndez Advocats","article_published_time":"2026-04-30T08:37:10+00:00","article_modified_time":"2026-04-30T08:47:04+00:00","og_image":[{"width":1536,"height":1024,"url":"https:\/\/fernandezadvocats.es\/wp-content\/uploads\/2026\/04\/Temporalidad-en-el-sector-publico.png","type":"image\/png"}],"author":"mrclickbarcelona@gmail.com","twitter_card":"summary_large_image","twitter_misc":{"Escrito por":"mrclickbarcelona@gmail.com","Tiempo de lectura":"7 minutos"},"schema":{"@context":"https:\/\/schema.org","@graph":[{"@type":"Article","@id":"https:\/\/fernandezadvocats.es\/es\/abuso-temporalidad-sector-publico-indemnizacion\/#article","isPartOf":{"@id":"https:\/\/fernandezadvocats.es\/es\/abuso-temporalidad-sector-publico-indemnizacion\/"},"author":{"name":"mrclickbarcelona@gmail.com","@id":"https:\/\/fernandezadvocats.es\/#\/schema\/person\/8ee482a071b4b039d55e3b5981b20a98"},"headline":"M\u00e1s sobre el abuso de temporalidad en el sector p\u00fablico. \u00bfprocede indemnizaci\u00f3n sancionadora? La comisi\u00f3n jur\u00eddica asesora se postula por mantener un criterio restrictivo","datePublished":"2026-04-30T08:37:10+00:00","dateModified":"2026-04-30T08:47:04+00:00","mainEntityOfPage":{"@id":"https:\/\/fernandezadvocats.es\/es\/abuso-temporalidad-sector-publico-indemnizacion\/"},"wordCount":1251,"publisher":{"@id":"https:\/\/fernandezadvocats.es\/#organization"},"image":{"@id":"https:\/\/fernandezadvocats.es\/es\/abuso-temporalidad-sector-publico-indemnizacion\/#primaryimage"},"thumbnailUrl":"https:\/\/fernandezadvocats.es\/wp-content\/uploads\/2026\/04\/Temporalidad-en-el-sector-publico.png","articleSection":["Art\u00edculos FA","Derecho Funci\u00f3n P\u00fablica"],"inLanguage":"es"},{"@type":"WebPage","@id":"https:\/\/fernandezadvocats.es\/es\/abuso-temporalidad-sector-publico-indemnizacion\/","url":"https:\/\/fernandezadvocats.es\/es\/abuso-temporalidad-sector-publico-indemnizacion\/","name":"Abuso de temporalidad: \u00bfhay indemnizaci\u00f3n?","isPartOf":{"@id":"https:\/\/fernandezadvocats.es\/#website"},"primaryImageOfPage":{"@id":"https:\/\/fernandezadvocats.es\/es\/abuso-temporalidad-sector-publico-indemnizacion\/#primaryimage"},"image":{"@id":"https:\/\/fernandezadvocats.es\/es\/abuso-temporalidad-sector-publico-indemnizacion\/#primaryimage"},"thumbnailUrl":"https:\/\/fernandezadvocats.es\/wp-content\/uploads\/2026\/04\/Temporalidad-en-el-sector-publico.png","datePublished":"2026-04-30T08:37:10+00:00","dateModified":"2026-04-30T08:47:04+00:00","description":"La CJA fija criterio restrictivo sobre indemnizaci\u00f3n por abuso de temporalidad en el sector p\u00fablico y eleva las exigencias probatorias","breadcrumb":{"@id":"https:\/\/fernandezadvocats.es\/es\/abuso-temporalidad-sector-publico-indemnizacion\/#breadcrumb"},"inLanguage":"es","potentialAction":[{"@type":"ReadAction","target":["https:\/\/fernandezadvocats.es\/es\/abuso-temporalidad-sector-publico-indemnizacion\/"]}]},{"@type":"ImageObject","inLanguage":"es","@id":"https:\/\/fernandezadvocats.es\/es\/abuso-temporalidad-sector-publico-indemnizacion\/#primaryimage","url":"https:\/\/fernandezadvocats.es\/wp-content\/uploads\/2026\/04\/Temporalidad-en-el-sector-publico.png","contentUrl":"https:\/\/fernandezadvocats.es\/wp-content\/uploads\/2026\/04\/Temporalidad-en-el-sector-publico.png","width":1536,"height":1024,"caption":"contratos temporales administraci\u00f3n p\u00fablica"},{"@type":"BreadcrumbList","@id":"https:\/\/fernandezadvocats.es\/es\/abuso-temporalidad-sector-publico-indemnizacion\/#breadcrumb","itemListElement":[{"@type":"ListItem","position":1,"name":"Portada","item":"https:\/\/fernandezadvocats.es\/es\/fernandez-advocats-berga\/"},{"@type":"ListItem","position":2,"name":"M\u00e1s sobre el abuso de temporalidad en el sector p\u00fablico. \u00bfprocede indemnizaci\u00f3n sancionadora? La comisi\u00f3n jur\u00eddica asesora se postula por mantener un criterio restrictivo"}]},{"@type":"WebSite","@id":"https:\/\/fernandezadvocats.es\/#website","url":"https:\/\/fernandezadvocats.es\/","name":"Fern\u00e1ndez Advocats","description":"Advocats Berga i Barcelona","publisher":{"@id":"https:\/\/fernandezadvocats.es\/#organization"},"alternateName":"Abogados Berga y Bracelona","potentialAction":[{"@type":"SearchAction","target":{"@type":"EntryPoint","urlTemplate":"https:\/\/fernandezadvocats.es\/?s={search_term_string}"},"query-input":{"@type":"PropertyValueSpecification","valueRequired":true,"valueName":"search_term_string"}}],"inLanguage":"es"},{"@type":"Organization","@id":"https:\/\/fernandezadvocats.es\/#organization","name":"Fern\u00e1ndez Advocats","url":"https:\/\/fernandezadvocats.es\/","logo":{"@type":"ImageObject","inLanguage":"es","@id":"https:\/\/fernandezadvocats.es\/#\/schema\/logo\/image\/","url":"https:\/\/fernandezadvocats.es\/wp-content\/uploads\/2024\/11\/cropped-BF-e1731427554424.png","contentUrl":"https:\/\/fernandezadvocats.es\/wp-content\/uploads\/2024\/11\/cropped-BF-e1731427554424.png","width":512,"height":512,"caption":"Fern\u00e1ndez Advocats"},"image":{"@id":"https:\/\/fernandezadvocats.es\/#\/schema\/logo\/image\/"}},{"@type":"Person","@id":"https:\/\/fernandezadvocats.es\/#\/schema\/person\/8ee482a071b4b039d55e3b5981b20a98","name":"mrclickbarcelona@gmail.com","image":{"@type":"ImageObject","inLanguage":"es","@id":"https:\/\/fernandezadvocats.es\/#\/schema\/person\/image\/","url":"https:\/\/secure.gravatar.com\/avatar\/e16cc9a830d1a221b9e83b040154617903c650598282d145b5b76cdcb02f009e?s=96&d=mm&r=g","contentUrl":"https:\/\/secure.gravatar.com\/avatar\/e16cc9a830d1a221b9e83b040154617903c650598282d145b5b76cdcb02f009e?s=96&d=mm&r=g","caption":"mrclickbarcelona@gmail.com"},"url":"https:\/\/fernandezadvocats.es\/es\/author\/mrclickbarcelonagmail-com\/"}]}},"_links":{"self":[{"href":"https:\/\/fernandezadvocats.es\/es\/wp-json\/wp\/v2\/posts\/254686","targetHints":{"allow":["GET"]}}],"collection":[{"href":"https:\/\/fernandezadvocats.es\/es\/wp-json\/wp\/v2\/posts"}],"about":[{"href":"https:\/\/fernandezadvocats.es\/es\/wp-json\/wp\/v2\/types\/post"}],"author":[{"embeddable":true,"href":"https:\/\/fernandezadvocats.es\/es\/wp-json\/wp\/v2\/users\/19"}],"replies":[{"embeddable":true,"href":"https:\/\/fernandezadvocats.es\/es\/wp-json\/wp\/v2\/comments?post=254686"}],"version-history":[{"count":1,"href":"https:\/\/fernandezadvocats.es\/es\/wp-json\/wp\/v2\/posts\/254686\/revisions"}],"predecessor-version":[{"id":254689,"href":"https:\/\/fernandezadvocats.es\/es\/wp-json\/wp\/v2\/posts\/254686\/revisions\/254689"}],"wp:featuredmedia":[{"embeddable":true,"href":"https:\/\/fernandezadvocats.es\/es\/wp-json\/wp\/v2\/media\/254684"}],"wp:attachment":[{"href":"https:\/\/fernandezadvocats.es\/es\/wp-json\/wp\/v2\/media?parent=254686"}],"wp:term":[{"taxonomy":"category","embeddable":true,"href":"https:\/\/fernandezadvocats.es\/es\/wp-json\/wp\/v2\/categories?post=254686"},{"taxonomy":"post_tag","embeddable":true,"href":"https:\/\/fernandezadvocats.es\/es\/wp-json\/wp\/v2\/tags?post=254686"}],"curies":[{"name":"wp","href":"https:\/\/api.w.org\/{rel}","templated":true}]}}